{"id":63,"date":"2013-09-21T19:49:45","date_gmt":"2013-09-21T19:49:45","guid":{"rendered":"https:\/\/www.enriquesilguero.com\/blog\/?p=63"},"modified":"2020-04-07T19:02:13","modified_gmt":"2020-04-07T19:02:13","slug":"jose-manuel-ballester","status":"publish","type":"post","link":"https:\/\/www.enriquesilguero.com\/blog\/jose-manuel-ballester\/","title":{"rendered":"Jose Manuel Ballester"},"content":{"rendered":"<p><a href=\"https:\/\/www.enriquesilguero.com\/blog\/wp-content\/uploads\/2013\/09\/jmb5.jpg\"><img loading=\"lazy\" decoding=\"async\" class=\"alignnone  wp-image-64\" src=\"https:\/\/www.enriquesilguero.com\/blog\/wp-content\/uploads\/2013\/09\/jmb5.jpg\" alt=\"jmb5\" width=\"617\" height=\"277\" srcset=\"https:\/\/www.enriquesilguero.com\/blog\/wp-content\/uploads\/2013\/09\/jmb5.jpg 980w, https:\/\/www.enriquesilguero.com\/blog\/wp-content\/uploads\/2013\/09\/jmb5-300x135.jpg 300w, https:\/\/www.enriquesilguero.com\/blog\/wp-content\/uploads\/2013\/09\/jmb5-768x345.jpg 768w, https:\/\/www.enriquesilguero.com\/blog\/wp-content\/uploads\/2013\/09\/jmb5-200x90.jpg 200w, https:\/\/www.enriquesilguero.com\/blog\/wp-content\/uploads\/2013\/09\/jmb5-715x321.jpg 715w\" sizes=\"auto, (max-width: 617px) 100vw, 617px\" \/><\/a><\/p>\n<p>Fot\u00f3grafo y pintor madrile\u00f1o, fue galardonado en el 2010 con el Premio Nacional de Fotograf\u00eda. Su obra, se centra en la fotograf\u00eda arquitect\u00f3nica. Y se caracteriza por su peculiar visi\u00f3n del espacio y la luz.<\/p>\n<p><a href=\"http:\/\/www.josemanuelballester.com\/\">www.josemanuelballester.com\/<\/a><\/p>\n","protected":false},"excerpt":{"rendered":"<p>Fot\u00f3grafo y pintor madrile\u00f1o, fue galardonado en el 2010 con el Premio Nacional de Fotograf\u00eda. Su obra, se centra en la fotograf\u00eda arquitect\u00f3nica. Y se caracteriza por su peculiar visi\u00f3n del espacio y la luz. www.josemanuelballester.com\/<\/p>\n","protected":false},"author":3,"featured_media":1461,"comment_status":"closed","ping_status":"closed","sticky":false,"template":"","format":"standard","meta":{"footnotes":""},"categories":[3],"tags":[71,14,91,92,80],"class_list":["post-63","post","type-post","status-publish","format-standard","has-post-thumbnail","hentry","category-fotografia","tag-espana","tag-fotografia-2","tag-fotografia-arquitectonica","tag-jose-manuel-ballester","tag-premio-nacional-de-fotografia"],"_links":{"self":[{"href":"https:\/\/www.enriquesilguero.com\/blog\/wp-json\/wp\/v2\/posts\/63","targetHints":{"allow":["GET"]}}],"collection":[{"href":"https:\/\/www.enriquesilguero.com\/blog\/wp-json\/wp\/v2\/posts"}],"about":[{"href":"https:\/\/www.enriquesilguero.com\/blog\/wp-json\/wp\/v2\/types\/post"}],"author":[{"embeddable":true,"href":"https:\/\/www.enriquesilguero.com\/blog\/wp-json\/wp\/v2\/users\/3"}],"replies":[{"embeddable":true,"href":"https:\/\/www.enriquesilguero.com\/blog\/wp-json\/wp\/v2\/comments?post=63"}],"version-history":[{"count":4,"href":"https:\/\/www.enriquesilguero.com\/blog\/wp-json\/wp\/v2\/posts\/63\/revisions"}],"predecessor-version":[{"id":1462,"href":"https:\/\/www.enriquesilguero.com\/blog\/wp-json\/wp\/v2\/posts\/63\/revisions\/1462"}],"wp:featuredmedia":[{"embeddable":true,"href":"https:\/\/www.enriquesilguero.com\/blog\/wp-json\/wp\/v2\/media\/1461"}],"wp:attachment":[{"href":"https:\/\/www.enriquesilguero.com\/blog\/wp-json\/wp\/v2\/media?parent=63"}],"wp:term":[{"taxonomy":"category","embeddable":true,"href":"https:\/\/www.enriquesilguero.com\/blog\/wp-json\/wp\/v2\/categories?post=63"},{"taxonomy":"post_tag","embeddable":true,"href":"https:\/\/www.enriquesilguero.com\/blog\/wp-json\/wp\/v2\/tags?post=63"}],"curies":[{"name":"wp","href":"https:\/\/api.w.org\/{rel}","templated":true}]}}