{"id":48,"date":"2013-09-10T08:02:42","date_gmt":"2013-09-10T08:02:42","guid":{"rendered":"https:\/\/www.enriquesilguero.com\/blog\/?p=48"},"modified":"2020-04-07T19:13:21","modified_gmt":"2020-04-07T19:13:21","slug":"joakim-eneroth","status":"publish","type":"post","link":"https:\/\/www.enriquesilguero.com\/blog\/joakim-eneroth\/","title":{"rendered":"Joakim Eneroth"},"content":{"rendered":"<p><a href=\"https:\/\/www.enriquesilguero.com\/blog\/wp-content\/uploads\/2013\/09\/swedish_red_comfortably_12.jpg\"><img loading=\"lazy\" decoding=\"async\" class=\"alignnone  wp-image-49\" src=\"https:\/\/www.enriquesilguero.com\/blog\/wp-content\/uploads\/2013\/09\/swedish_red_comfortably_12.jpg\" alt=\"swedish_red_comfortably_12\" width=\"600\" height=\"468\" srcset=\"https:\/\/www.enriquesilguero.com\/blog\/wp-content\/uploads\/2013\/09\/swedish_red_comfortably_12.jpg 500w, https:\/\/www.enriquesilguero.com\/blog\/wp-content\/uploads\/2013\/09\/swedish_red_comfortably_12-300x234.jpg 300w, https:\/\/www.enriquesilguero.com\/blog\/wp-content\/uploads\/2013\/09\/swedish_red_comfortably_12-200x156.jpg 200w\" sizes=\"auto, (max-width: 600px) 100vw, 600px\" \/><\/a><\/p>\n<p>Sencillez aplastante cargada de simbolismo. Esta es la se\u00f1a de identidad de este galardonado fot\u00f3grafo sueco. Imposible quedarse indiferente ante sus im\u00e1genes.<\/p>\n<p><a href=\"http:\/\/www.joakimeneroth.com\/\">www.joakimeneroth.com<\/a><\/p>\n\n\n<p><\/p>\n","protected":false},"excerpt":{"rendered":"<p>Sencillez aplastante cargada de simbolismo. Esta es la se\u00f1a de identidad de este galardonado fot\u00f3grafo sueco. Imposible quedarse indiferente ante sus im\u00e1genes. www.joakimeneroth.com<\/p>\n","protected":false},"author":3,"featured_media":1467,"comment_status":"closed","ping_status":"closed","sticky":false,"template":"","format":"standard","meta":{"footnotes":""},"categories":[3],"tags":[14,90,33,82],"class_list":["post-48","post","type-post","status-publish","format-standard","has-post-thumbnail","hentry","category-fotografia","tag-fotografia-2","tag-joakim-eneroth","tag-minimalismo","tag-suecia"],"_links":{"self":[{"href":"https:\/\/www.enriquesilguero.com\/blog\/wp-json\/wp\/v2\/posts\/48","targetHints":{"allow":["GET"]}}],"collection":[{"href":"https:\/\/www.enriquesilguero.com\/blog\/wp-json\/wp\/v2\/posts"}],"about":[{"href":"https:\/\/www.enriquesilguero.com\/blog\/wp-json\/wp\/v2\/types\/post"}],"author":[{"embeddable":true,"href":"https:\/\/www.enriquesilguero.com\/blog\/wp-json\/wp\/v2\/users\/3"}],"replies":[{"embeddable":true,"href":"https:\/\/www.enriquesilguero.com\/blog\/wp-json\/wp\/v2\/comments?post=48"}],"version-history":[{"count":9,"href":"https:\/\/www.enriquesilguero.com\/blog\/wp-json\/wp\/v2\/posts\/48\/revisions"}],"predecessor-version":[{"id":1475,"href":"https:\/\/www.enriquesilguero.com\/blog\/wp-json\/wp\/v2\/posts\/48\/revisions\/1475"}],"wp:featuredmedia":[{"embeddable":true,"href":"https:\/\/www.enriquesilguero.com\/blog\/wp-json\/wp\/v2\/media\/1467"}],"wp:attachment":[{"href":"https:\/\/www.enriquesilguero.com\/blog\/wp-json\/wp\/v2\/media?parent=48"}],"wp:term":[{"taxonomy":"category","embeddable":true,"href":"https:\/\/www.enriquesilguero.com\/blog\/wp-json\/wp\/v2\/categories?post=48"},{"taxonomy":"post_tag","embeddable":true,"href":"https:\/\/www.enriquesilguero.com\/blog\/wp-json\/wp\/v2\/tags?post=48"}],"curies":[{"name":"wp","href":"https:\/\/api.w.org\/{rel}","templated":true}]}}