{"id":211,"date":"2014-01-07T11:46:06","date_gmt":"2014-01-07T11:46:06","guid":{"rendered":"https:\/\/www.enriquesilguero.com\/blog\/?p=211"},"modified":"2020-04-07T10:15:01","modified_gmt":"2020-04-07T10:15:01","slug":"the-kiss","status":"publish","type":"post","link":"https:\/\/www.enriquesilguero.com\/blog\/the-kiss\/","title":{"rendered":"The Kiss &#8211; Vodafone"},"content":{"rendered":"<p><iframe loading=\"lazy\" src=\"\/\/player.vimeo.com\/video\/81850634\" width=\"500\" height=\"281\" frameborder=\"0\" allowfullscreen=\"allowfullscreen\"><\/iframe><\/p>\n<p>Este emotivo anuncio sobre el paso del tiempo y el amor. Dirigida por Fr\u00e9d\u00e9ric Planchon,\u00a0es un alarde t\u00e9cnico que crea la falsa sensaci\u00f3n de un \u00fanico plano secuencia, que narra una historia de amor desde la juventud hasta la vejez. Para enfatizar este efecto, se apoyan en la c\u00e1mara en mano y en unos cuidados efectos digitales.<\/p>\n<p>La suave y delicada luz, es otro de los puntos fuertes de la historia. Su director de fotograf\u00eda se ha servido de flares en c\u00e1mara y una imagen lavada en tonos ocres, con tendencia al magenta, para enfatizar la premisa del comercial: \u00ablas cosas buenas deben durar para siempre\u00bb.<\/p>\n<p>El tema musical es \u00abWalk\u00bb, de Ludovico Einaudi.<\/p>\n","protected":false},"excerpt":{"rendered":"<p>Este emotivo anuncio sobre el paso del tiempo y el amor. Dirigida por Fr\u00e9d\u00e9ric Planchon,\u00a0es un alarde t\u00e9cnico que crea la falsa sensaci\u00f3n de un \u00fanico plano secuencia, que narra una historia de amor desde la juventud hasta la vejez. Para enfatizar este efecto, se apoyan en la c\u00e1mara en mano y en unos cuidados&#8230;<\/p>\n","protected":false},"author":3,"featured_media":1427,"comment_status":"closed","ping_status":"closed","sticky":false,"template":"","format":"standard","meta":{"footnotes":""},"categories":[11],"tags":[62,52],"class_list":["post-211","post","type-post","status-publish","format-standard","has-post-thumbnail","hentry","category-publicidad","tag-frederic-plachon","tag-publicidad-2"],"_links":{"self":[{"href":"https:\/\/www.enriquesilguero.com\/blog\/wp-json\/wp\/v2\/posts\/211","targetHints":{"allow":["GET"]}}],"collection":[{"href":"https:\/\/www.enriquesilguero.com\/blog\/wp-json\/wp\/v2\/posts"}],"about":[{"href":"https:\/\/www.enriquesilguero.com\/blog\/wp-json\/wp\/v2\/types\/post"}],"author":[{"embeddable":true,"href":"https:\/\/www.enriquesilguero.com\/blog\/wp-json\/wp\/v2\/users\/3"}],"replies":[{"embeddable":true,"href":"https:\/\/www.enriquesilguero.com\/blog\/wp-json\/wp\/v2\/comments?post=211"}],"version-history":[{"count":5,"href":"https:\/\/www.enriquesilguero.com\/blog\/wp-json\/wp\/v2\/posts\/211\/revisions"}],"predecessor-version":[{"id":1428,"href":"https:\/\/www.enriquesilguero.com\/blog\/wp-json\/wp\/v2\/posts\/211\/revisions\/1428"}],"wp:featuredmedia":[{"embeddable":true,"href":"https:\/\/www.enriquesilguero.com\/blog\/wp-json\/wp\/v2\/media\/1427"}],"wp:attachment":[{"href":"https:\/\/www.enriquesilguero.com\/blog\/wp-json\/wp\/v2\/media?parent=211"}],"wp:term":[{"taxonomy":"category","embeddable":true,"href":"https:\/\/www.enriquesilguero.com\/blog\/wp-json\/wp\/v2\/categories?post=211"},{"taxonomy":"post_tag","embeddable":true,"href":"https:\/\/www.enriquesilguero.com\/blog\/wp-json\/wp\/v2\/tags?post=211"}],"curies":[{"name":"wp","href":"https:\/\/api.w.org\/{rel}","templated":true}]}}